{"id":5211,"date":"2026-09-04T00:00:00","date_gmt":"2026-09-03T22:00:00","guid":{"rendered":"https:\/\/www.smvconseil.fr\/index.php\/2026\/09\/04\/non-salaries-agricoles-des-nouvelles-regles-sociales-precisees\/"},"modified":"2026-09-04T00:00:00","modified_gmt":"2026-09-03T22:00:00","slug":"non-salaries-agricoles-des-nouvelles-regles-sociales-precisees","status":"publish","type":"post","link":"https:\/\/www.smvconseil.fr\/index.php\/2026\/09\/04\/non-salaries-agricoles-des-nouvelles-regles-sociales-precisees\/","title":{"rendered":"Non-salari\u00e9s agricoles : des nouvelles r\u00e8gles sociales pr\u00e9cis\u00e9es"},"content":{"rendered":"<p>La loi de financement de la s\u00e9curit\u00e9 sociale pour 2026 (LFSS pour 2026) a apport\u00e9 plusieurs am\u00e9nagements aux r\u00e8gles sociales applicables aux exploitants agricoles. Certaines de leurs modalit\u00e9s pratiques viennent d\u00e9sormais d\u2019\u00eatre pr\u00e9cis\u00e9es. Que faut-il retenir ?<\/p>\n<h2>Exon\u00e9ration des anciens conjoints collaborateurs et assiette sociale : les modalit\u00e9s pr\u00e9cis\u00e9es<\/h2>\n<p>Pour m\u00e9moire, les jeunes chefs d\u2019exploitation ou d\u2019entreprise agricole peuvent b\u00e9n\u00e9ficier d\u2019une exon\u00e9ration partielle de certaines cotisations sociales pendant leurs 5 premi\u00e8res ann\u00e9es civiles d\u2019activit\u00e9.<\/p>\n<p>Ce dispositif est notamment r\u00e9serv\u00e9, en principe, aux exploitants \u00e2g\u00e9s de 18 \u00e0 40 ans au moment de leur affiliation.<\/p>\n<p>La LFSS pour 2026 a d\u00e9cid\u00e9 d\u2019ouvrir ce dispositif, \u00e0 compter du 1er janvier 2027, \u00e0 une nouvelle cat\u00e9gorie d\u2019exploitants : les personnes qui, apr\u00e8s avoir exerc\u00e9 pendant 5 ans comme conjoint collaborateur, optent pour le statut de chef d\u2019exploitation ou d\u2019entreprise agricole.<\/p>\n<p>L\u2019objectif est de faciliter cette transition, sachant que le statut de conjoint collaborateur ne peut \u00eatre conserv\u00e9 que pendant une dur\u00e9e limit\u00e9e.<\/p>\n<p>Ainsi, l\u2019ancien conjoint collaborateur pourra b\u00e9n\u00e9ficier de l\u2019exon\u00e9ration \u00ab jeunes agriculteurs \u00bb sans avoir \u00e0 respecter la limite d\u2019\u00e2ge de 40 ans, \u00e0 condition :<\/p>\n<ul>\n<li>d\u2019avoir \u00e9t\u00e9 affili\u00e9 comme conjoint collaborateur pendant au moins 5 ans ;<\/li>\n<li>de s\u2019engager \u00e0 exercer \u00e0 titre principal ou exclusif comme chef d\u2019exploitation ou d\u2019entreprise agricole pendant au moins 5 ans.<\/li>\n<\/ul>\n<p>Une pr\u00e9cision r\u00e9cente de la r\u00e9glementation d\u00e9taille d\u00e9sormais les modalit\u00e9s pratiques de ce dispositif. L\u2019engagement de rester chef d\u2019exploitation pendant 5 ans devra \u00eatre mat\u00e9rialis\u00e9 par une attestation sur l\u2019honneur adress\u00e9e \u00e0 la MSA. Le b\u00e9n\u00e9ficiaire devra \u00e9galement relever de l\u2019assurance maladie des non-salari\u00e9s agricoles.<\/p>\n<p>L\u2019exon\u00e9ration suivra les r\u00e8gles d\u00e9j\u00e0 applicables aux jeunes agriculteurs : elle sera accord\u00e9e pour les cotisations dues personnellement par l\u2019exploitant et ne pourra \u00eatre obtenue qu\u2019une seule fois.<\/p>\n<p>En cas de cessation temporaire d\u2019activit\u00e9, elle pourra \u00eatre suspendue, puis reprendre pour la p\u00e9riode restant \u00e0 courir, dans les m\u00eames conditions que pour les autres b\u00e9n\u00e9ficiaires.<\/p>\n<p>Derni\u00e8re pr\u00e9cision : la facult\u00e9 d\u00e9j\u00e0 offerte aux jeunes agriculteurs en installation progressive de choisir le b\u00e9n\u00e9fice de l\u2019exon\u00e9ration d\u00e8s leur affiliation d\u00e9rogatoire ou \u00e0 son terme sera \u00e9tendue aux anciens collaborateurs \u00e9ligibles au nouveau dispositif.<\/p>\n<p>Par ailleurs, notez que les modalit\u00e9s de calcul de la d\u00e9duction applicable au revenu correspondant aux terres dont l\u2019exploitant est propri\u00e9taire et qu\u2019il met lui-m\u00eame en valeur sont adapt\u00e9es \u00e0 la nouvelle assiette sociale des non-salari\u00e9s agricoles.<\/p>\n<p>Pour m\u00e9moire, lorsqu\u2019un exploitant individuel poss\u00e8de tout ou partie des terres qu\u2019il exploite, il peut, sur option, b\u00e9n\u00e9ficier d\u2019une d\u00e9duction destin\u00e9e \u00e0 neutraliser une partie du revenu correspondant au capital foncier d\u00e9tenu.<\/p>\n<p>La r\u00e9forme de l\u2019assiette sociale des non-salari\u00e9s agricoles et les diff\u00e9rentes pr\u00e9cisions apport\u00e9es depuis ont n\u00e9cessit\u00e9 d\u2019adapter les \u00e9l\u00e9ments utilis\u00e9s pour calculer cette d\u00e9duction.<\/p>\n<p>D\u00e9sormais, le calcul est effectu\u00e9 \u00e0 partir des revenus relevant fiscalement des b\u00e9n\u00e9fices agricoles ou du r\u00e9gime micro-BA et provenant d\u2019activit\u00e9s entrant effectivement dans le champ du r\u00e9gime social agricole.<\/p>\n<p>L\u2019objectif est donc d\u2019\u00e9viter que des revenus \u00e9trangers \u00e0 l\u2019activit\u00e9 agricole concern\u00e9e n\u2019interf\u00e8rent dans le calcul de cette d\u00e9duction et de faire correspondre les r\u00e8gles r\u00e9glementaires avec la nouvelle d\u00e9finition de l\u2019assiette sociale.<\/p>\n<p>Pour les exploitants relevant du micro-BA, ce sont les recettes apr\u00e8s application de l\u2019abattement fiscal propre \u00e0 ce r\u00e9gime qui sont prises en compte.<\/p>\n<p>Notez toutefois que la formule de calcul de la d\u00e9duction elle-m\u00eame n\u2019est pas remise en cause : la MSA continue notamment de tenir compte du revenu cadastral des terres exploit\u00e9es, en distinguant les terres d\u00e9tenues en propri\u00e9t\u00e9 de l\u2019ensemble des terres mises en valeur.<\/p>\n<p>C\u00f4t\u00e9 entr\u00e9e en vigueur, soulignons que les ajustements relatifs au calcul de la d\u00e9duction sont applicables depuis le 10 ao\u00fbt 2026.<\/p>\n<p>Les pr\u00e9cisions concernant l\u2019exon\u00e9ration ouverte aux anciens collaborateurs s\u2019appliqueront, quant \u00e0 elles, \u00e0 compter du 1er janvier 2027.<\/p>\n<div>Sources :  <\/p>\n<ul>\n<li><a href=\"https:\/\/www.legifrance.gouv.fr\/jorf\/id\/JORFTEXT000054646466\" target=\"_blank\" rel=\"noopener\">D\u00e9cret no 2026-757 du 8 ao\u00fbt 2026 pris pour l&rsquo;application des articles 10 et 18 de la loi no 2025-1403 du 30 d\u00e9cembre 2025 de financement de la s\u00e9curit\u00e9 sociale pour 2026<\/a><\/li>\n<\/ul>\n<\/div>\n<p><a href=\"https:\/\/www.weblex.fr\/weblex-actualite\/non-salaries-agricoles-des-nouvelles-regles-sociales-precisees\" target=\"_blank\" rel=\"noopener\">Non-salari\u00e9s agricoles : des nouvelles r\u00e8gles sociales pr\u00e9cis\u00e9es<\/a> &#8211; \u00a9 Copyright WebLex<\/p>\n<p><img  title=\"\"  alt=\"shutterstock_nonsalariesagricoles Non-salari\u00e9s agricoles : des nouvelles r\u00e8gles sociales pr\u00e9cis\u00e9es\" decoding=\"async\" src=\"https:\/\/www.weblex.fr\/sites\/default\/files\/actualites\/images\/shutterstock_nonsalariesagricoles.jpg\"><\/p>\n","protected":false},"excerpt":{"rendered":"<p>La loi de financement de la s\u00e9curit\u00e9 sociale pour 2026 (LFSS pour 2026) a apport\u00e9 plusieurs am\u00e9nagements aux r\u00e8gles sociales applicables aux exploitants agricoles. Certaines de leurs modalit\u00e9s pratiques viennent d\u00e9sormais d\u2019\u00eatre pr\u00e9cis\u00e9es. Que faut-il retenir ?<\/p>\n","protected":false},"author":0,"featured_media":5212,"comment_status":"closed","ping_status":"open","sticky":false,"template":"","format":"standard","meta":{"footnotes":""},"categories":[3,6],"tags":[2],"class_list":["post-5211","post","type-post","status-publish","format-standard","has-post-thumbnail","hentry","category-actualites","category-infos-sociales","tag-les-actualites"],"_links":{"self":[{"href":"https:\/\/www.smvconseil.fr\/index.php\/wp-json\/wp\/v2\/posts\/5211"}],"collection":[{"href":"https:\/\/www.smvconseil.fr\/index.php\/wp-json\/wp\/v2\/posts"}],"about":[{"href":"https:\/\/www.smvconseil.fr\/index.php\/wp-json\/wp\/v2\/types\/post"}],"replies":[{"embeddable":true,"href":"https:\/\/www.smvconseil.fr\/index.php\/wp-json\/wp\/v2\/comments?post=5211"}],"version-history":[{"count":0,"href":"https:\/\/www.smvconseil.fr\/index.php\/wp-json\/wp\/v2\/posts\/5211\/revisions"}],"wp:featuredmedia":[{"embeddable":true,"href":"https:\/\/www.smvconseil.fr\/index.php\/wp-json\/wp\/v2\/media\/5212"}],"wp:attachment":[{"href":"https:\/\/www.smvconseil.fr\/index.php\/wp-json\/wp\/v2\/media?parent=5211"}],"wp:term":[{"taxonomy":"category","embeddable":true,"href":"https:\/\/www.smvconseil.fr\/index.php\/wp-json\/wp\/v2\/categories?post=5211"},{"taxonomy":"post_tag","embeddable":true,"href":"https:\/\/www.smvconseil.fr\/index.php\/wp-json\/wp\/v2\/tags?post=5211"}],"curies":[{"name":"wp","href":"https:\/\/api.w.org\/{rel}","templated":true}]}}