{"id":5209,"date":"2026-09-04T00:00:00","date_gmt":"2026-09-03T22:00:00","guid":{"rendered":"https:\/\/www.smvconseil.fr\/index.php\/2026\/09\/04\/statut-delu-local-les-absences-des-salaries-se-precisent\/"},"modified":"2026-09-04T00:00:00","modified_gmt":"2026-09-03T22:00:00","slug":"statut-delu-local-les-absences-des-salaries-se-precisent","status":"publish","type":"post","link":"https:\/\/www.smvconseil.fr\/index.php\/2026\/09\/04\/statut-delu-local-les-absences-des-salaries-se-precisent\/","title":{"rendered":"Statut d\u2019\u00e9lu local : les absences des salari\u00e9s se pr\u00e9cisent"},"content":{"rendered":"<p>La cr\u00e9ation d\u2019un statut de l\u2019\u00e9lu local a renforc\u00e9 les droits permettant aux salari\u00e9s titulaires d\u2019un mandat \u00e9lectif de concilier leur activit\u00e9 professionnelle avec l\u2019exercice de leurs fonctions. Depuis le 20 ao\u00fbt 2026, de nouvelles pr\u00e9cisions s\u2019appliquent concernant certaines autorisations d\u2019absence. Lesquelles ?<\/p>\n<h2>Salari\u00e9s \u00e9lus locaux : quelles absences l\u2019employeur doit-il autoriser ?<\/h2>\n<p>Pour rappel, lorsqu\u2019un salari\u00e9 est membre d\u2019un conseil municipal, son employeur doit lui laisser le temps n\u00e9cessaire pour participer \u00e0 certaines s\u00e9ances, r\u00e9unions, missions ou \u00e9v\u00e9nements li\u00e9s \u00e0 l\u2019exercice de son mandat.<\/p>\n<p>Ce droit \u00e0 absence concerne d\u00e9sormais \u00e9galement plusieurs f\u00eates l\u00e9gales, comm\u00e9morations et journ\u00e9es nationales.<\/p>\n<p>Depuis le 20 ao\u00fbt 2026, tout salari\u00e9 \u00e9lu peut notamment s\u2019absenter pour participer aux \u00e9v\u00e9nements organis\u00e9s \u00e0 l\u2019occasion du 8 mai, du 14 juillet et du 11 novembre.<\/p>\n<p>D\u2019autres journ\u00e9es nationales de comm\u00e9moration ou d\u2019hommage sont \u00e9galement concern\u00e9es. C\u2019est le cas, par exemple, de la journ\u00e9e nationale d\u2019hommage aux victimes du terrorisme, le 11 mars, ou encore de la journ\u00e9e nationale de la R\u00e9sistance, le 27 mai.<\/p>\n<p>Notez que <a href=\"https:\/\/www.legifrance.gouv.fr\/jorf\/article_jo\/JORFARTI000054708711\" target=\"_blank\" rel=\"noopener\">la liste compl\u00e8te des \u00e9v\u00e9nements concern\u00e9s est fix\u00e9e par la r\u00e9glementation<\/a> r\u00e9cemment modifi\u00e9e.<\/p>\n<p>Pour b\u00e9n\u00e9ficier de ces autorisations d\u2019absence, le salari\u00e9 doit pr\u00e9venir son employeur par \u00e9crit, d\u00e8s qu\u2019il conna\u00eet la date de l\u2019\u00e9v\u00e9nement, en lui indiquant la date et la dur\u00e9e de l\u2019absence envisag\u00e9e.<\/p>\n<p>Pour l\u2019employeur, la r\u00e8gle est donc simple : lorsque la date de l\u2019\u00e9v\u00e9nement est connue \u00e0 l\u2019avance, l\u2019absence peut \u00eatre anticip\u00e9e et int\u00e9gr\u00e9e dans l\u2019organisation de l\u2019entreprise.<\/p>\n<p>Une situation particuli\u00e8re doit toutefois \u00eatre distingu\u00e9e : lorsqu\u2019un danger grave ou imminent impose au maire de prescrire des mesures de s\u00fbret\u00e9 et que le salari\u00e9 \u00e9lu doit participer \u00e0 leur mise en \u0153uvre, l\u2019absence peut intervenir dans l\u2019urgence.<\/p>\n<p>Dans ce cas, le salari\u00e9 doit informer son employeur sans d\u00e9lai et par tout moyen de la nature, de l\u2019objet et de la dur\u00e9e de son absence.<\/p>\n<p>Il doit ensuite confirmer cette information par \u00e9crit dans un d\u00e9lai maximal de 48 heures.<\/p>\n<p>Derni\u00e8re \u00e9volution notable : ces r\u00e8gles ne concernent pas seulement les \u00e9lus municipaux.<\/p>\n<p>Elles s\u2019appliquent \u00e9galement, dans les conditions pr\u00e9vues par les textes, aux salari\u00e9s exer\u00e7ant un mandat au sein d\u2019un \u00e9tablissement public de coop\u00e9ration intercommunale (EPCI).<\/p>\n<p>En pratique, cela peut par exemple concerner un salari\u00e9 qui si\u00e8ge au sein d\u2019une communaut\u00e9 de communes, d\u2019une communaut\u00e9 d\u2019agglom\u00e9ration ou d\u2019une m\u00e9tropole.<\/p>\n<p>L\u2019employeur ne doit donc pas uniquement identifier les salari\u00e9s membres d\u2019un conseil municipal : certains salari\u00e9s exer\u00e7ant un mandat au sein d\u2019un EPCI peuvent \u00e9galement b\u00e9n\u00e9ficier des droits attach\u00e9s \u00e0 l\u2019exercice de leur mandat.<\/p>\n<p>Pour les entreprises, l\u2019enjeu est donc double : anticiper les absences li\u00e9es aux \u00e9v\u00e9nements programm\u00e9s et pr\u00e9voir une gestion plus souple des absences susceptibles d\u2019intervenir dans l\u2019urgence.<\/p>\n<p>Ces nouvelles r\u00e8gles sont applicables depuis le 20 ao\u00fbt 2026.<\/p>\n<div>Sources :  <\/p>\n<ul>\n<li><a href=\"https:\/\/www.legifrance.gouv.fr\/jorf\/id\/JORFTEXT000054708683\" target=\"_blank\" rel=\"noopener\">D\u00e9cret no 2026-800 du 17 ao\u00fbt 2026 pris pour l&rsquo;application de l&rsquo;article 15 de la loi n\u00b0 2025-1249 du 22 d\u00e9cembre 2025 portant cr\u00e9ation d&rsquo;un statut de l&rsquo;\u00e9lu local<\/a><\/li>\n<li><a href=\"https:\/\/www.legifrance.gouv.fr\/jorf\/id\/JORFTEXT000054708703\" target=\"_blank\" rel=\"noopener\">D\u00e9cret no 2026-801 du 18 ao\u00fbt 2026 pris pour l&rsquo;application du 5\u00b0 de l&rsquo;article 15 de la loi n\u00b0 2025-1249 du 22 d\u00e9cembre 2025 portant cr\u00e9ation d&rsquo;un statut de l&rsquo;\u00e9lu local<\/a><\/li>\n<\/ul>\n<\/div>\n<p><a href=\"https:\/\/www.weblex.fr\/weblex-actualite\/statut-d-elu-local-les-absences-des-salaries-se-precisent\" target=\"_blank\" rel=\"noopener\">Statut d\u2019\u00e9lu local : les absences des salari\u00e9s se pr\u00e9cisent <\/a> &#8211; \u00a9 Copyright WebLex<\/p>\n<p><img  title=\"\"  alt=\"shutterstock_statutelulocal Statut d\u2019\u00e9lu local : les absences des salari\u00e9s se pr\u00e9cisent\" decoding=\"async\" src=\"https:\/\/www.weblex.fr\/sites\/default\/files\/actualites\/images\/shutterstock_statutelulocal.jpg\"><\/p>\n","protected":false},"excerpt":{"rendered":"<p>La cr\u00e9ation d\u2019un statut de l\u2019\u00e9lu local a renforc\u00e9 les droits permettant aux salari\u00e9s titulaires d\u2019un mandat \u00e9lectif de concilier leur activit\u00e9 professionnelle avec l\u2019exercice de leurs fonctions. Depuis le 20 ao\u00fbt 2026, de nouvelles pr\u00e9cisions s\u2019appliquent concernant certaines autorisations d\u2019absence. Lesquelles ?<\/p>\n","protected":false},"author":0,"featured_media":5210,"comment_status":"closed","ping_status":"open","sticky":false,"template":"","format":"standard","meta":{"footnotes":""},"categories":[3,6],"tags":[2],"class_list":["post-5209","post","type-post","status-publish","format-standard","has-post-thumbnail","hentry","category-actualites","category-infos-sociales","tag-les-actualites"],"_links":{"self":[{"href":"https:\/\/www.smvconseil.fr\/index.php\/wp-json\/wp\/v2\/posts\/5209"}],"collection":[{"href":"https:\/\/www.smvconseil.fr\/index.php\/wp-json\/wp\/v2\/posts"}],"about":[{"href":"https:\/\/www.smvconseil.fr\/index.php\/wp-json\/wp\/v2\/types\/post"}],"replies":[{"embeddable":true,"href":"https:\/\/www.smvconseil.fr\/index.php\/wp-json\/wp\/v2\/comments?post=5209"}],"version-history":[{"count":0,"href":"https:\/\/www.smvconseil.fr\/index.php\/wp-json\/wp\/v2\/posts\/5209\/revisions"}],"wp:featuredmedia":[{"embeddable":true,"href":"https:\/\/www.smvconseil.fr\/index.php\/wp-json\/wp\/v2\/media\/5210"}],"wp:attachment":[{"href":"https:\/\/www.smvconseil.fr\/index.php\/wp-json\/wp\/v2\/media?parent=5209"}],"wp:term":[{"taxonomy":"category","embeddable":true,"href":"https:\/\/www.smvconseil.fr\/index.php\/wp-json\/wp\/v2\/categories?post=5209"},{"taxonomy":"post_tag","embeddable":true,"href":"https:\/\/www.smvconseil.fr\/index.php\/wp-json\/wp\/v2\/tags?post=5209"}],"curies":[{"name":"wp","href":"https:\/\/api.w.org\/{rel}","templated":true}]}}