{"id":5199,"date":"2026-09-03T00:00:00","date_gmt":"2026-09-02T22:00:00","guid":{"rendered":"https:\/\/www.smvconseil.fr\/index.php\/2026\/09\/03\/identification-des-bovins-en-corse-du-nouveau\/"},"modified":"2026-09-03T00:00:00","modified_gmt":"2026-09-02T22:00:00","slug":"identification-des-bovins-en-corse-du-nouveau","status":"publish","type":"post","link":"https:\/\/www.smvconseil.fr\/index.php\/2026\/09\/03\/identification-des-bovins-en-corse-du-nouveau\/","title":{"rendered":"Identification des bovins en Corse : du nouveau"},"content":{"rendered":"<p>L\u2019identification des animaux de l\u2019esp\u00e8ce bovine ob\u00e9it \u00e0 des r\u00e8gles pr\u00e9cises, qui sont compl\u00e9t\u00e9es en Corse par des dispositions sp\u00e9cifiques qui viennent de faire l\u2019objet de modifications. Que faut-il savoir \u00e0 ce sujet ?<\/p>\n<h2>Identification des bovins en Corse : du nouveau pour les bovins de plus de 16 mois<\/h2>\n<p>L&rsquo;identification de chaque bovin est fond\u00e9e sur :<\/p>\n<ul>\n<li>l&rsquo;attribution et l&rsquo;apposition \u00e0 chaque oreille de l&rsquo;animal d&rsquo;une marque auriculaire agr\u00e9\u00e9e ;<\/li>\n<li>l&rsquo;inscription sur le registre des bovins des donn\u00e9es d&rsquo;identification, de naissance et de mouvement de l&rsquo;animal ;<\/li>\n<li>la notification de ces m\u00eames \u00e9l\u00e9ments au ma\u00eetre d&rsquo;\u0153uvre de l&rsquo;identification en vue de leur enregistrement dans la base de donn\u00e9es nationale de l&rsquo;identification ou, pour un d\u00e9tenteur autre qu&rsquo;\u00e9leveur, au gestionnaire de la base de donn\u00e9es nationale de l&rsquo;identification ;<\/li>\n<li>l&rsquo;\u00e9tablissement d&rsquo;un passeport accompagnant l&rsquo;animal.<\/li>\n<\/ul>\n<p>En Corse, l&rsquo;identification des bovins est compl\u00e9t\u00e9e par l&rsquo;attribution et l&rsquo;apposition d&rsquo;un bolus agr\u00e9\u00e9 (\u00e0 l&rsquo;exception des bovins pour lesquels un bolus a \u00e9t\u00e9 pos\u00e9 par les services charg\u00e9s de la protection des populations ou par l&rsquo;organisme \u00e0 vocation sanitaire dans le cadre de mesures de suivi des maladies des animaux avant le 1er janvier 2024).<\/p>\n<p>L&rsquo;apposition du bolus agr\u00e9\u00e9 ne peut \u00eatre r\u00e9alis\u00e9e que par un agent sp\u00e9cifiquement mandat\u00e9 par le directeur charg\u00e9 de la protection des populations pour cette activit\u00e9.<\/p>\n<p>Lors de l&rsquo;introduction dans son exploitation d&rsquo;un animal en provenance d&rsquo;un pays tiers, le d\u00e9tenteur notifie l&rsquo;entr\u00e9e de l&rsquo;animal. Le d\u00e9tenteur demande la pose d&rsquo;un bolus agr\u00e9\u00e9 par un agent mandat\u00e9 pour ledit animal \u00e0 l&rsquo;\u00e9tablissement de l&rsquo;\u00e9levage dans un d\u00e9lai maximum de 7 jours suivant la notification d&rsquo;entr\u00e9e.<\/p>\n<p>Le directeur de l&rsquo;\u00e9tablissement de l&rsquo;\u00e9levage est charg\u00e9 :<\/p>\n<ul>\n<li>de la gestion des commandes de bolus pour sa circonscription et de leurs livraisons ;<\/li>\n<li>du suivi des stocks de bolus agr\u00e9\u00e9s conserv\u00e9s dans son organisme ;<\/li>\n<li>de l&rsquo;attribution \u00e0 chaque agent mandat\u00e9 d&rsquo;un lot de bolus agr\u00e9\u00e9s et du suivi de l&rsquo;utilisation de ce lot par cet agent ;<\/li>\n<li>du suivi des bolus agr\u00e9\u00e9s utilis\u00e9s, r\u00e9cup\u00e9r\u00e9s, inutilisables, illisibles, perdus ou d\u00e9truits.<\/li>\n<\/ul>\n<p>Il rend compte de ce suivi au directeur charg\u00e9 de la protection des populations. Toute anomalie lors de ce suivi doit faire l&rsquo;objet d&rsquo;un rapport d\u00e9taill\u00e9 transmis au directeur d\u00e9partemental en charg\u00e9 de la protection des populations.<\/p>\n<p>\u00c0 compter du 1er janvier 2026, tout bovin de plus de 16 mois (12 mois auparavant) ne peut circuler en Corse qu&rsquo;identifi\u00e9 conform\u00e9ment aux r\u00e8gles pr\u00e9cit\u00e9es applicables en Corse.<\/p>\n<p>Pour toute entr\u00e9e ou sortie d&rsquo;un bovin \u00e2g\u00e9 de plus de 16 mois de son exploitation (12 mois auparavant), le d\u00e9tenteur est tenu de s&rsquo;assurer que le bovin est identifi\u00e9 conform\u00e9ment aux r\u00e8gles pr\u00e9cit\u00e9es applicables en Corse.<\/p>\n<p>S\u2019agissant des abattoirs, pour tout animal de plus de 16 mois (12 mois auparavant), l&rsquo;exploitant de l&rsquo;abattoir est tenu de v\u00e9rifier :<\/p>\n<ul>\n<li>la concordance entre le num\u00e9ro d&rsquo;identification figurant sur les marques auriculaires et celui affich\u00e9 par le bolus de l&rsquo;animal ;<\/li>\n<li>la concordance entre ces informations et le num\u00e9ro d&rsquo;identification inscrit sur le passeport ;<\/li>\n<li>la pr\u00e9sence de la mention de pose d&rsquo;un bolus sur le passeport.<\/li>\n<\/ul>\n<div>Sources :  <\/p>\n<ul>\n<li><a href=\"https:\/\/www.legifrance.gouv.fr\/jorf\/id\/JORFTEXT000054608648\" target=\"_blank\" rel=\"noopener\">Arr\u00eat\u00e9 du 30 juillet 2026 modifiant l&rsquo;arr\u00eat\u00e9 du 6 ao\u00fbt 2013 relatif \u00e0 l&rsquo;identification des animaux de l&rsquo;esp\u00e8ce bovine<\/a><\/li>\n<\/ul>\n<\/div>\n<p><a href=\"https:\/\/www.weblex.fr\/weblex-actualite\/identification-des-bovins-en-corse-du-nouveau\" target=\"_blank\" rel=\"noopener\">Identification des bovins en Corse : du nouveau<\/a> &#8211; \u00a9 Copyright WebLex<\/p>\n<p><img  title=\"\"  alt=\"shutterstock_identificationbovins Identification des bovins en Corse : du nouveau\" decoding=\"async\" src=\"https:\/\/www.weblex.fr\/sites\/default\/files\/actualites\/images\/shutterstock_identificationbovins.jpg\"><\/p>\n","protected":false},"excerpt":{"rendered":"<p>L\u2019identification des animaux de l\u2019esp\u00e8ce bovine ob\u00e9it \u00e0 des r\u00e8gles pr\u00e9cises, qui sont compl\u00e9t\u00e9es en Corse par des dispositions sp\u00e9cifiques qui viennent de faire l\u2019objet de modifications. Que faut-il savoir \u00e0 ce sujet ?<\/p>\n","protected":false},"author":0,"featured_media":5200,"comment_status":"closed","ping_status":"open","sticky":false,"template":"","format":"standard","meta":{"footnotes":""},"categories":[3,8],"tags":[2],"class_list":["post-5199","post","type-post","status-publish","format-standard","has-post-thumbnail","hentry","category-actualites","category-infos-juridiques","tag-les-actualites"],"_links":{"self":[{"href":"https:\/\/www.smvconseil.fr\/index.php\/wp-json\/wp\/v2\/posts\/5199"}],"collection":[{"href":"https:\/\/www.smvconseil.fr\/index.php\/wp-json\/wp\/v2\/posts"}],"about":[{"href":"https:\/\/www.smvconseil.fr\/index.php\/wp-json\/wp\/v2\/types\/post"}],"replies":[{"embeddable":true,"href":"https:\/\/www.smvconseil.fr\/index.php\/wp-json\/wp\/v2\/comments?post=5199"}],"version-history":[{"count":0,"href":"https:\/\/www.smvconseil.fr\/index.php\/wp-json\/wp\/v2\/posts\/5199\/revisions"}],"wp:featuredmedia":[{"embeddable":true,"href":"https:\/\/www.smvconseil.fr\/index.php\/wp-json\/wp\/v2\/media\/5200"}],"wp:attachment":[{"href":"https:\/\/www.smvconseil.fr\/index.php\/wp-json\/wp\/v2\/media?parent=5199"}],"wp:term":[{"taxonomy":"category","embeddable":true,"href":"https:\/\/www.smvconseil.fr\/index.php\/wp-json\/wp\/v2\/categories?post=5199"},{"taxonomy":"post_tag","embeddable":true,"href":"https:\/\/www.smvconseil.fr\/index.php\/wp-json\/wp\/v2\/tags?post=5199"}],"curies":[{"name":"wp","href":"https:\/\/api.w.org\/{rel}","templated":true}]}}