{"id":5197,"date":"2026-09-03T00:00:00","date_gmt":"2026-09-02T22:00:00","guid":{"rendered":"https:\/\/www.smvconseil.fr\/index.php\/2026\/09\/03\/chauffeur-vtc-formation-obligatoire\/"},"modified":"2026-09-03T00:00:00","modified_gmt":"2026-09-02T22:00:00","slug":"chauffeur-vtc-formation-obligatoire","status":"publish","type":"post","link":"https:\/\/www.smvconseil.fr\/index.php\/2026\/09\/03\/chauffeur-vtc-formation-obligatoire\/","title":{"rendered":"Chauffeur VTC : formation obligatoire ?"},"content":{"rendered":"<p>Jusqu\u2019\u00e0 pr\u00e9sent, obtenir une carte de chauffeur VTC supposait, soit de r\u00e9ussir l\u2019examen professionnel d\u2019acc\u00e8s \u00e0 cette profession, soit de faire reconna\u00eetre une exp\u00e9rience professionnelle d\u2019un an en qualit\u00e9 de conducteur de transport de personnes. Une seule voie est d\u00e9sormais possible\u2026<\/p>\n<h2>Carte de chauffeur VTC : suppression de la reconnaissance d\u2019une exp\u00e9rience professionnelle<\/h2>\n<p>Jusqu\u2019\u00e0 pr\u00e9sent, pour obtenir la carte professionnelle et exercer la profession de conducteur de voiture avec chauffeur (VTC), 2 voies sont normalement possibles :<\/p>\n<ul>\n<li>soit le candidat passe et r\u00e9ussit l\u2019examen professionnel organis\u00e9 \u00e0 cet effet ;<\/li>\n<li>soit il justifie et fait reconna\u00eetre un an d&rsquo;exp\u00e9rience comme conducteur de transport de personnes.<\/li>\n<\/ul>\n<p>D\u00e9sormais, et depuis le 12 ao\u00fbt 2026, ce r\u00e9gime d&rsquo;\u00e9quivalence professionnelle directe qui permet d&rsquo;obtenir la carte professionnelle sur simple justification d&rsquo;un an d&rsquo;exp\u00e9rience comme conducteur de transport de personnes est supprim\u00e9.<\/p>\n<p>Seule la voie d\u2019acc\u00e8s de droit commun, \u00e0 savoir l\u2019examen professionnel, est maintenue.<\/p>\n<p>Il faut toutefois noter que :&nbsp;<\/p>\n<ul>\n<li>le dispositif sp\u00e9cifique de reconnaissance des qualifications reste possible pour les ressortissants des \u00c9tats de l&rsquo;Union europ\u00e9enne ou de l&rsquo;Espace \u00e9conomique europ\u00e9en qui souhaitent travailler en France, en pr\u00e9cisant pour ces derniers que l&rsquo;exp\u00e9rience exig\u00e9e doit avoir \u00e9t\u00e9 acquise strictement dans l&rsquo;exercice de la profession vis\u00e9e ;<\/li>\n<li>les demandes de carte professionnelle d\u00e9pos\u00e9es avant le 12 ao\u00fbt 2026 restent instruites selon les anciennes r\u00e8gles applicables au moment de leur d\u00e9p\u00f4t.<\/li>\n<\/ul>\n<div>Sources :  <\/p>\n<ul>\n<li><a href=\"https:\/\/www.legifrance.gouv.fr\/jorf\/id\/JORFTEXT000054658967\" target=\"_blank\" rel=\"noopener\">D\u00e9cret no 2026-764 du 5 ao\u00fbt 2026 portant suppression de l&rsquo;acc\u00e8s par reconnaissance de l&rsquo;exp\u00e9rience professionnelle aux professions de conducteur de voiture de transport avec chauffeur et de conducteur de v\u00e9hicules motoris\u00e9s \u00e0 deux ou trois roues<\/a><\/li>\n<\/ul>\n<\/div>\n<p><a href=\"https:\/\/www.weblex.fr\/weblex-actualite\/chauffeur-vtc-formation-obligatoire\" target=\"_blank\" rel=\"noopener\">Chauffeur VTC : formation obligatoire ?<\/a> &#8211; \u00a9 Copyright WebLex<\/p>\n<p><img  title=\"\"  alt=\"shutterstock_formationVTC Chauffeur VTC : formation obligatoire ?\" decoding=\"async\" src=\"https:\/\/www.weblex.fr\/sites\/default\/files\/actualites\/images\/shutterstock_formationVTC.jpg\"><\/p>\n","protected":false},"excerpt":{"rendered":"<p>Jusqu\u2019\u00e0 pr\u00e9sent, obtenir une carte de chauffeur VTC supposait, soit de r\u00e9ussir l\u2019examen professionnel d\u2019acc\u00e8s \u00e0 cette profession, soit de faire reconna\u00eetre une exp\u00e9rience professionnelle d\u2019un an en qualit\u00e9 de conducteur de transport de personnes. Une seule voie est d\u00e9sormais possible\u2026<\/p>\n","protected":false},"author":0,"featured_media":5198,"comment_status":"closed","ping_status":"open","sticky":false,"template":"","format":"standard","meta":{"footnotes":""},"categories":[3,8],"tags":[2],"class_list":["post-5197","post","type-post","status-publish","format-standard","has-post-thumbnail","hentry","category-actualites","category-infos-juridiques","tag-les-actualites"],"_links":{"self":[{"href":"https:\/\/www.smvconseil.fr\/index.php\/wp-json\/wp\/v2\/posts\/5197"}],"collection":[{"href":"https:\/\/www.smvconseil.fr\/index.php\/wp-json\/wp\/v2\/posts"}],"about":[{"href":"https:\/\/www.smvconseil.fr\/index.php\/wp-json\/wp\/v2\/types\/post"}],"replies":[{"embeddable":true,"href":"https:\/\/www.smvconseil.fr\/index.php\/wp-json\/wp\/v2\/comments?post=5197"}],"version-history":[{"count":0,"href":"https:\/\/www.smvconseil.fr\/index.php\/wp-json\/wp\/v2\/posts\/5197\/revisions"}],"wp:featuredmedia":[{"embeddable":true,"href":"https:\/\/www.smvconseil.fr\/index.php\/wp-json\/wp\/v2\/media\/5198"}],"wp:attachment":[{"href":"https:\/\/www.smvconseil.fr\/index.php\/wp-json\/wp\/v2\/media?parent=5197"}],"wp:term":[{"taxonomy":"category","embeddable":true,"href":"https:\/\/www.smvconseil.fr\/index.php\/wp-json\/wp\/v2\/categories?post=5197"},{"taxonomy":"post_tag","embeddable":true,"href":"https:\/\/www.smvconseil.fr\/index.php\/wp-json\/wp\/v2\/tags?post=5197"}],"curies":[{"name":"wp","href":"https:\/\/api.w.org\/{rel}","templated":true}]}}