{"id":5177,"date":"2026-09-02T00:00:00","date_gmt":"2026-09-01T22:00:00","guid":{"rendered":"https:\/\/www.smvconseil.fr\/index.php\/2026\/09\/02\/reclamations-fiscales-un-delai-supplementaire-pour-les-retenues-a-la-source\/"},"modified":"2026-09-02T00:00:00","modified_gmt":"2026-09-01T22:00:00","slug":"reclamations-fiscales-un-delai-supplementaire-pour-les-retenues-a-la-source","status":"publish","type":"post","link":"https:\/\/www.smvconseil.fr\/index.php\/2026\/09\/02\/reclamations-fiscales-un-delai-supplementaire-pour-les-retenues-a-la-source\/","title":{"rendered":"R\u00e9clamations fiscales : un d\u00e9lai suppl\u00e9mentaire pour les retenues \u00e0 la source"},"content":{"rendered":"<p>Depuis le 30 juillet 2026, le d\u00e9lai sp\u00e9cifique dont disposaient les contribuables pour contester une retenue \u00e0 la source est supprim\u00e9. Ces r\u00e9clamations b\u00e9n\u00e9ficient d\u00e9sormais du d\u00e9lai de droit commun, plus long. Voil\u00e0 qui m\u00e9rite quelques explications\u2026<\/p>\n<h2>Retenues \u00e0 la source : un d\u00e9lai de r\u00e9clamation r\u00e9duit\u2026<\/h2>\n<p>Pour rappel, un contribuable qui souhaite contester une imposition doit adresser une r\u00e9clamation \u00e0 l\u2019administration fiscale dans un d\u00e9lai qui varie notamment selon la nature de l\u2019imp\u00f4t concern\u00e9.<\/p>\n<p>En l\u2019absence de r\u00f4le ou d\u2019avis de mise en recouvrement, la r\u00e9clamation doit, en principe, \u00eatre pr\u00e9sent\u00e9e au plus tard le 31 d\u00e9cembre de la 2e ann\u00e9e suivant celle du versement de l\u2019imp\u00f4t contest\u00e9.<\/p>\n<p>Jusqu\u2019\u00e0 pr\u00e9sent, un d\u00e9lai plus court s\u2019appliquait toutefois aux contestations relatives aux retenues et pr\u00e9l\u00e8vements \u00e0 la source : la r\u00e9clamation devait \u00eatre pr\u00e9sent\u00e9e au plus tard le 31 d\u00e9cembre de l\u2019ann\u00e9e suivant celle au cours de laquelle la retenue avait \u00e9t\u00e9 op\u00e9r\u00e9e.<\/p>\n<p>Une diff\u00e9rence de traitement qui a \u00e9t\u00e9 remise en cause par le juge\u2026<\/p>\n<h3>\u2026 remis en cause par le juge\u2026<\/h3>\n<p>En f\u00e9vrier 2026, le juge a estim\u00e9 que rien ne justifiait que les r\u00e9clamations portant sur les retenues et pr\u00e9l\u00e8vements \u00e0 la source soient soumises \u00e0 un d\u00e9lai plus court que celui applicable, en l\u2019absence de r\u00f4le ou d\u2019avis de mise en recouvrement, aux autres impositions acquitt\u00e9es spontan\u00e9ment.<\/p>\n<p>Le Gouvernement a donc \u00e9t\u00e9 invit\u00e9 \u00e0 revoir les r\u00e8gles applicables.<\/p>\n<p>Dans l\u2019intervalle, l\u2019administration fiscale en avait d\u00e9j\u00e0 tir\u00e9 les cons\u00e9quences en supprimant, le 22 avril 2026, les commentaires de sa doctrine relatifs \u00e0 ce d\u00e9lai sp\u00e9cifique.<\/p>\n<h3>\u2026 et d\u00e9sormais supprim\u00e9 !<\/h3>\n<p>Depuis le 30 juillet 2026, le d\u00e9lai r\u00e9duit applicable aux r\u00e9clamations portant sur les retenues \u00e0 la source est supprim\u00e9.<\/p>\n<p>En pratique, ces r\u00e9clamations rel\u00e8vent d\u00e9sormais du d\u00e9lai g\u00e9n\u00e9ral applicable en l\u2019absence de r\u00f4le ou d\u2019avis de mise en recouvrement : elles doivent \u00eatre pr\u00e9sent\u00e9es au plus tard le 31 d\u00e9cembre de la 2e ann\u00e9e suivant celle du versement de l\u2019imp\u00f4t contest\u00e9.<\/p>\n<p>Ainsi, pour une retenue \u00e0 la source vers\u00e9e en 2026, une r\u00e9clamation pourra, en principe, \u00eatre d\u00e9pos\u00e9e jusqu\u2019au 31 d\u00e9cembre 2028, contre le 31 d\u00e9cembre 2027 auparavant.<\/p>\n<p>Notez que cette \u00e9volution ne concerne pas le d\u00e9lai particulier pr\u00e9vu pour les r\u00e9clamations relatives au pr\u00e9l\u00e8vement \u00e0 la source de l\u2019imp\u00f4t sur le revenu : celles-ci doivent toujours \u00eatre pr\u00e9sent\u00e9es au plus tard le dernier jour du mois de f\u00e9vrier de l\u2019ann\u00e9e suivant celle au cours de laquelle les revenus concern\u00e9s ont \u00e9t\u00e9 mis \u00e0 disposition ou r\u00e9alis\u00e9s.<\/p>\n<h3>R\u00e9clamations fiscales : d\u2019autres d\u00e9lais supprim\u00e9s<\/h3>\n<p>D\u2019autres d\u00e9lais particuliers devenus obsol\u00e8tes disparaissent \u00e9galement.<\/p>\n<p>Sont notamment concern\u00e9s ceux applicables en cas d\u2019envoi d\u2019un nouvel avis d\u2019imposition venant r\u00e9parer une erreur d\u2019exp\u00e9dition ou en pr\u00e9sence de cotisations d\u2019imp\u00f4ts directs \u00e9tablies \u00e0 tort ou faisant double emploi.<\/p>\n<div>Sources :  <\/p>\n<ul>\n<li><a href=\"https:\/\/www.legifrance.gouv.fr\/jorf\/id\/JORFTEXT000054541871\" target=\"_blank\" rel=\"noopener\">D\u00e9cret no 2026-692 du 27 juillet 2026 relatif aux d\u00e9lais de r\u00e9clamation applicables en mati\u00e8re fiscale<\/a><\/li>\n<\/ul>\n<\/div>\n<p><a href=\"https:\/\/www.weblex.fr\/weblex-actualite\/reclamations-fiscales-un-delai-supplementaire-pour-les-retenues-a-la-source\" target=\"_blank\" rel=\"noopener\">R\u00e9clamations fiscales : un d\u00e9lai suppl\u00e9mentaire pour les retenues \u00e0 la source<\/a> &#8211; \u00a9 Copyright WebLex<\/p>\n<p><img  title=\"\"  alt=\"shutterstock_reclamationfiscale R\u00e9clamations fiscales : un d\u00e9lai suppl\u00e9mentaire pour les retenues \u00e0 la source\" decoding=\"async\" src=\"https:\/\/www.weblex.fr\/sites\/default\/files\/actualites\/images\/shutterstock_reclamationfiscale.jpg\"><\/p>\n","protected":false},"excerpt":{"rendered":"<p>Depuis le 30 juillet 2026, le d\u00e9lai sp\u00e9cifique dont disposaient les contribuables pour contester une retenue \u00e0 la source est supprim\u00e9. Ces r\u00e9clamations b\u00e9n\u00e9ficient d\u00e9sormais du d\u00e9lai de droit commun, plus long. Voil\u00e0 qui m\u00e9rite quelques explications\u2026<\/p>\n","protected":false},"author":0,"featured_media":5178,"comment_status":"closed","ping_status":"open","sticky":false,"template":"","format":"standard","meta":{"footnotes":""},"categories":[3,10],"tags":[2],"class_list":["post-5177","post","type-post","status-publish","format-standard","has-post-thumbnail","hentry","category-actualites","category-le-coin-du-dirigeant","tag-les-actualites"],"_links":{"self":[{"href":"https:\/\/www.smvconseil.fr\/index.php\/wp-json\/wp\/v2\/posts\/5177"}],"collection":[{"href":"https:\/\/www.smvconseil.fr\/index.php\/wp-json\/wp\/v2\/posts"}],"about":[{"href":"https:\/\/www.smvconseil.fr\/index.php\/wp-json\/wp\/v2\/types\/post"}],"replies":[{"embeddable":true,"href":"https:\/\/www.smvconseil.fr\/index.php\/wp-json\/wp\/v2\/comments?post=5177"}],"version-history":[{"count":0,"href":"https:\/\/www.smvconseil.fr\/index.php\/wp-json\/wp\/v2\/posts\/5177\/revisions"}],"wp:featuredmedia":[{"embeddable":true,"href":"https:\/\/www.smvconseil.fr\/index.php\/wp-json\/wp\/v2\/media\/5178"}],"wp:attachment":[{"href":"https:\/\/www.smvconseil.fr\/index.php\/wp-json\/wp\/v2\/media?parent=5177"}],"wp:term":[{"taxonomy":"category","embeddable":true,"href":"https:\/\/www.smvconseil.fr\/index.php\/wp-json\/wp\/v2\/categories?post=5177"},{"taxonomy":"post_tag","embeddable":true,"href":"https:\/\/www.smvconseil.fr\/index.php\/wp-json\/wp\/v2\/tags?post=5177"}],"curies":[{"name":"wp","href":"https:\/\/api.w.org\/{rel}","templated":true}]}}