{"id":5167,"date":"2026-09-01T00:00:00","date_gmt":"2026-08-31T22:00:00","guid":{"rendered":"https:\/\/www.smvconseil.fr\/index.php\/2026\/09\/01\/code-de-deontologie-medicale-du-nouveau\/"},"modified":"2026-09-01T00:00:00","modified_gmt":"2026-08-31T22:00:00","slug":"code-de-deontologie-medicale-du-nouveau","status":"publish","type":"post","link":"https:\/\/www.smvconseil.fr\/index.php\/2026\/09\/01\/code-de-deontologie-medicale-du-nouveau\/","title":{"rendered":"Code de d\u00e9ontologie m\u00e9dicale : du nouveau"},"content":{"rendered":"<p>Une actualisation du code de d\u00e9ontologie m\u00e9dicale vient d\u2019\u00eatre r\u00e9alis\u00e9e pour tenir compte des r\u00e9centes \u00e9volutions juridiques et soci\u00e9tales. Que faut-il en retenir ?<\/p>\n<h2>Actualisation du code de d\u00e9ontologie m\u00e9dicale<\/h2>\n<p>Une actualisation du code de d\u00e9ontologie m\u00e9dicale vient d\u2019\u00eatre op\u00e9r\u00e9e, applicable depuis le 30 juillet 2026, afin d&rsquo;adapter les r\u00e8gles professionnelles aux \u00e9volutions juridiques, techniques et soci\u00e9tales.<\/p>\n<p>Voici les principales mesures et nouveaut\u00e9s \u00e0 retenir.<\/p>\n<h3>En ce qui concerne son champ d\u2019application<\/h3>\n<p>Le code de d\u00e9ontologie m\u00e9dicale s&rsquo;impose aux m\u00e9decins inscrits au tableau, aux praticiens effectuant des actes au titre de conventions internationales ou de dispositions sp\u00e9cifiques, aux docteurs juniors, aux \u00e9tudiants rempla\u00e7ants ou adjoints, ainsi qu&rsquo;aux soci\u00e9t\u00e9s d&rsquo;exercice lib\u00e9ral (SEL) et soci\u00e9t\u00e9s civiles professionnelles (SCP).<\/p>\n<p>Il faut noter que tout m\u00e9decin doit pr\u00eater serment par \u00e9crit lors de son inscription.<\/p>\n<h3>En ce qui concerne les nouvelles technologies et les donn\u00e9es de sant\u00e9<\/h3>\n<p>Des r\u00e8gles relatives \u00e0 l&rsquo;utilisation des outils num\u00e9riques, des technologies de l&rsquo;information et de la communication, ainsi que de l&rsquo;intelligence artificielle sont introduites dans le code de d\u00e9ontologie m\u00e9dicale.<\/p>\n<p>Il faut noter que le m\u00e9decin doit garantir la s\u00e9curit\u00e9, la qualit\u00e9 des soins et la stricte confidentialit\u00e9 des donn\u00e9es m\u00e9dicales en tenant compte des recommandations et r\u00e9f\u00e9rentiels officiels.<\/p>\n<h3>En ce qui concerne la prise en charge et droits du patient<\/h3>\n<p>Le principe de non-discrimination et l\u2019obligation de formation continue et de certification p\u00e9riodique sont r\u00e9affirm\u00e9es.<\/p>\n<p>Les modalit\u00e9s d&rsquo;information de l&rsquo;entourage du patient en cas de diagnostic grave (sauf opposition du patient) sont pr\u00e9cis\u00e9es, la tenue et la conservation du dossier m\u00e9dical sont encadr\u00e9es et il est impos\u00e9 une obligation d&rsquo;orientation en cas de refus de pratiquer une interruption volontaire de grossesse (IVG).<\/p>\n<h3>En ce qui concerne la protection contre les violences et maltraitances<\/h3>\n<p>Les obligations du m\u00e9decin constatant ou pr\u00e9sumant des violences, s\u00e9vices ou mauvais traitements sont clarifi\u00e9es : il est tenu d&rsquo;agir et d&rsquo;effectuer les signalements pr\u00e9vus par la loi (aupr\u00e8s des autorit\u00e9s judiciaires, des cellules d\u00e9partementales d\u00e9di\u00e9es), notamment en adaptant le recueil du consentement du patient (selon que les victimes sont mineures ou majeures vuln\u00e9rables ou sont victimes de violences conjugales).<\/p>\n<h3>En ce qui concerne les modalit\u00e9s d&rsquo;exercice et la d\u00e9ontologie<\/h3>\n<p>Sont pr\u00e9cis\u00e9es les r\u00e8gles suivantes :<\/p>\n<ul>\n<li>interdiction d&rsquo;utiliser un mandat \u00e9lectif, une fonction administrative ou des activit\u00e9s salari\u00e9es pour d\u00e9velopper abusivement sa patient\u00e8le ;<\/li>\n<li>interdiction de la m\u00e9decine foraine, tout en pr\u00e9voyant un r\u00e9gime d&rsquo;autorisation par le conseil d\u00e9partemental de l&rsquo;ordre pour des unit\u00e9s mobiles de soins dict\u00e9es par la sant\u00e9 publique ;<\/li>\n<li>encadrement de la pose de dispositifs de consultation dans des locaux commerciaux ou officines, et interdiction d&rsquo;utiliser le nom du m\u00e9decin \u00e0 des fins commerciales ;<\/li>\n<li>ajustement des r\u00e8gles de remplacement, d&rsquo;assistanat (autorisations port\u00e9es \u00e0 6 mois renouvelables), de tenue de cabinet d&rsquo;un confr\u00e8re emp\u00each\u00e9 ou d\u00e9c\u00e9d\u00e9 (jusqu&rsquo;\u00e0 3 ans), et d&rsquo;installation dans un m\u00eame immeuble ;<\/li>\n<li>obligation de privil\u00e9gier les modes de r\u00e9solution amiable et la conciliation ordinale en cas de litige entre confr\u00e8res.<\/li>\n<\/ul>\n<div>Sources :  <\/p>\n<ul>\n<li><a href=\"https:\/\/www.legifrance.gouv.fr\/jorf\/id\/JORFTEXT000054541620\" target=\"_blank\" rel=\"noopener\">D\u00e9cret no 2026-691 du 27 juillet 2026 portant modification du code de d\u00e9ontologie m\u00e9dicale<\/a><\/li>\n<\/ul>\n<\/div>\n<p><a href=\"https:\/\/www.weblex.fr\/weblex-actualite\/code-de-deontologie-medicale-du-nouveau\" target=\"_blank\" rel=\"noopener\">Code de d\u00e9ontologie m\u00e9dicale : du nouveau<\/a> &#8211; \u00a9 Copyright WebLex<\/p>\n<p><img  title=\"\"  alt=\"shutterstock_codedeontologiemedicale Code de d\u00e9ontologie m\u00e9dicale : du nouveau\" decoding=\"async\" src=\"https:\/\/www.weblex.fr\/sites\/default\/files\/actualites\/images\/shutterstock_codedeontologiemedicale.jpg\"><\/p>\n","protected":false},"excerpt":{"rendered":"<p>Une actualisation du code de d\u00e9ontologie m\u00e9dicale vient d\u2019\u00eatre r\u00e9alis\u00e9e pour tenir compte des r\u00e9centes \u00e9volutions juridiques et soci\u00e9tales. Que faut-il en retenir ?<\/p>\n","protected":false},"author":0,"featured_media":5168,"comment_status":"closed","ping_status":"open","sticky":false,"template":"","format":"standard","meta":{"footnotes":""},"categories":[3,8],"tags":[2],"class_list":["post-5167","post","type-post","status-publish","format-standard","has-post-thumbnail","hentry","category-actualites","category-infos-juridiques","tag-les-actualites"],"_links":{"self":[{"href":"https:\/\/www.smvconseil.fr\/index.php\/wp-json\/wp\/v2\/posts\/5167"}],"collection":[{"href":"https:\/\/www.smvconseil.fr\/index.php\/wp-json\/wp\/v2\/posts"}],"about":[{"href":"https:\/\/www.smvconseil.fr\/index.php\/wp-json\/wp\/v2\/types\/post"}],"replies":[{"embeddable":true,"href":"https:\/\/www.smvconseil.fr\/index.php\/wp-json\/wp\/v2\/comments?post=5167"}],"version-history":[{"count":0,"href":"https:\/\/www.smvconseil.fr\/index.php\/wp-json\/wp\/v2\/posts\/5167\/revisions"}],"wp:featuredmedia":[{"embeddable":true,"href":"https:\/\/www.smvconseil.fr\/index.php\/wp-json\/wp\/v2\/media\/5168"}],"wp:attachment":[{"href":"https:\/\/www.smvconseil.fr\/index.php\/wp-json\/wp\/v2\/media?parent=5167"}],"wp:term":[{"taxonomy":"category","embeddable":true,"href":"https:\/\/www.smvconseil.fr\/index.php\/wp-json\/wp\/v2\/categories?post=5167"},{"taxonomy":"post_tag","embeddable":true,"href":"https:\/\/www.smvconseil.fr\/index.php\/wp-json\/wp\/v2\/tags?post=5167"}],"curies":[{"name":"wp","href":"https:\/\/api.w.org\/{rel}","templated":true}]}}