{"id":5163,"date":"2026-09-01T00:00:00","date_gmt":"2026-08-31T22:00:00","guid":{"rendered":"https:\/\/www.smvconseil.fr\/index.php\/2026\/09\/01\/rendez-vous-de-prevention-en-sante-des-precisions-sur-le-contenu-et-les-tarifs\/"},"modified":"2026-09-01T00:00:00","modified_gmt":"2026-08-31T22:00:00","slug":"rendez-vous-de-prevention-en-sante-des-precisions-sur-le-contenu-et-les-tarifs","status":"publish","type":"post","link":"https:\/\/www.smvconseil.fr\/index.php\/2026\/09\/01\/rendez-vous-de-prevention-en-sante-des-precisions-sur-le-contenu-et-les-tarifs\/","title":{"rendered":"Rendez-vous de pr\u00e9vention en sant\u00e9 : des pr\u00e9cisions sur le contenu et les tarifs"},"content":{"rendered":"<p>Tous les adultes de 18 ans ou plus b\u00e9n\u00e9ficient de mesures de pr\u00e9vention sanitaire et sociale, qui comportent notamment des rendez-vous de pr\u00e9vention propos\u00e9s aux assur\u00e9s \u00e0 certains \u00e2ges, selon des modalit\u00e9s qui viennent d\u2019\u00eatre pr\u00e9cis\u00e9es\u2026<\/p>\n<h2>Rendez-vous de pr\u00e9vention : contenu, modalit\u00e9s et tarifs<\/h2>\n<p>Tous les adultes de 18 ans ou plus b\u00e9n\u00e9ficient de mesures de pr\u00e9vention sanitaire et sociale, qui comportent notamment des rendez-vous de pr\u00e9vention propos\u00e9s aux assur\u00e9s \u00e0 certains \u00e2ges.<\/p>\n<p>Les entretiens de pr\u00e9vention sont propos\u00e9s aux tranches d&rsquo;\u00e2ge suivantes :<\/p>\n<ul>\n<li>entre 18 et 25 ans inclus ;<\/li>\n<li>entre 45 et 50 ans inclus ;<\/li>\n<li>entre 60 et 65 ans inclus ;<\/li>\n<li>entre 70 et 75 ans inclus.<\/li>\n<\/ul>\n<p>Peuvent r\u00e9aliser ces rendez-vous de pr\u00e9vention les m\u00e9decins, les sages-femmes, les infirmiers, les pharmaciens et les masseurs-kin\u00e9sith\u00e9rapeutes.<\/p>\n<p>Ces rendez-vous de pr\u00e9vention peuvent donner lieu \u00e0 des consultations de pr\u00e9vention et \u00e0 des s\u00e9ances d&rsquo;information, d&rsquo;\u00e9ducation pour la sant\u00e9, de promotion de la sant\u00e9 et de pr\u00e9vention. Ils doivent aussi \u00eatre le lieu de rep\u00e9rage des violences sexistes et sexuelles et des risques li\u00e9s \u00e0 la situation de proche aidant.<\/p>\n<p>Lors de ces rendez-vous de pr\u00e9vention, le professionnel de sant\u00e9 peut, en fonction de l&rsquo;\u00e9valuation des facteurs de risques, mettre \u00e0 la disposition du patient des outils de rep\u00e9rage pr\u00e9coce valid\u00e9s scientifiquement, notamment dans l&rsquo;espace num\u00e9rique de sant\u00e9. Ils ont notamment pour objectifs, en fonction des besoins :<\/p>\n<ul>\n<li>de promouvoir l&rsquo;activit\u00e9 physique et sportive et une alimentation favorable \u00e0 la sant\u00e9 ;<\/li>\n<li>de pr\u00e9venir les cancers, les addictions et l&rsquo;infertilit\u00e9 ;<\/li>\n<li>de promouvoir la sant\u00e9 mentale et la sant\u00e9 sexuelle.<\/li>\n<\/ul>\n<p>Ils permettent de sensibiliser aux facteurs de risques cardio-neuro-vasculaires, notamment le tabagisme, l&rsquo;exc\u00e8s de consommation d&rsquo;alcool, la s\u00e9dentarit\u00e9, l&rsquo;ob\u00e9sit\u00e9, le cholest\u00e9rol, le diab\u00e8te, la maladie r\u00e9nale chronique et l&rsquo;hypertension art\u00e9rielle.<\/p>\n<p>Un d\u00e9pistage des maladies cardio-neuro-vasculaires et des maladies cardiaques structurelles est propos\u00e9 \u00e0 l&rsquo;assur\u00e9 lors des rendez-vous de pr\u00e9vention.<\/p>\n<p>Les rendez-vous de pr\u00e9vention sont adapt\u00e9s aux besoins de chaque individu et prennent notamment en compte les besoins de sant\u00e9 des femmes et la d\u00e9tection des premi\u00e8res fragilit\u00e9s li\u00e9es \u00e0 l&rsquo;\u00e2ge en vue de pr\u00e9venir la perte d&rsquo;autonomie.<\/p>\n<p>Les rendez-vous de pr\u00e9vention propos\u00e9s aux personnes \u00e2g\u00e9es d&rsquo;au moins 60 ans contribuent \u00e0 la mise en \u0153uvre du programme de d\u00e9pistage pr\u00e9coce et de pr\u00e9vention de la perte d&rsquo;autonomie.<\/p>\n<p>S\u2019agissant des tarifs :<\/p>\n<ul>\n<li>le montant du tarif de l&rsquo;entretien de pr\u00e9vention assurant la r\u00e9mun\u00e9ration du professionnel r\u00e9alisant l&rsquo;entretien et pris en charge ou rembours\u00e9 par l&rsquo;assurance maladie est fix\u00e9 \u00e0 30 \u20ac en m\u00e9tropole et 31,50 \u20ac dans les d\u00e9partements et r\u00e9gions d&rsquo;outre-mer (ces tarifs ne peuvent faire l&rsquo;objet d&rsquo;aucun d\u00e9passement d&rsquo;honoraires) ;<\/li>\n<li>dans le cas o\u00f9 un besoin est identifi\u00e9 lors du d\u00e9roulement de l&rsquo;entretien de pr\u00e9vention, peut s&rsquo;ajouter \u00e0 la facturation de ce tarif, la facturation d&rsquo;une consultation de base ou d&rsquo;un des actes techniques suivants : frottis cervico-ut\u00e9rin, \u00e9lectrocardiogramme, vaccination, remise d&rsquo;un kit de d\u00e9pistage du cancer colorectal (une seule consultation, acte technique ou prestation est facturable en compl\u00e9ment par entretien de pr\u00e9vention).<\/li>\n<\/ul>\n<div>Sources :  <\/p>\n<ul>\n<li><a href=\"https:\/\/www.legifrance.gouv.fr\/jorf\/id\/JORFTEXT000054596416\" target=\"_blank\" rel=\"noopener\">Arr\u00eat\u00e9 du 28 juillet 2026 relatif aux effecteurs, au contenu et aux modalit\u00e9s de tarification des rendez-vous de pr\u00e9vention<\/a><\/li>\n<\/ul>\n<\/div>\n<p><a href=\"https:\/\/www.weblex.fr\/weblex-actualite\/rendez-vous-de-prevention-en-sante-des-precisions-sur-le-contenu-et-les-tarifs\" target=\"_blank\" rel=\"noopener\">Rendez-vous de pr\u00e9vention en sant\u00e9 : des pr\u00e9cisions sur le contenu et les tarifs<\/a> &#8211; \u00a9 Copyright WebLex<\/p>\n<p><img  title=\"\"  alt=\"shutterstock_rdvpreventionsante Rendez-vous de pr\u00e9vention en sant\u00e9 : des pr\u00e9cisions sur le contenu et les tarifs\" decoding=\"async\" src=\"https:\/\/www.weblex.fr\/sites\/default\/files\/actualites\/images\/shutterstock_rdvpreventionsante.jpg\"><\/p>\n","protected":false},"excerpt":{"rendered":"<p>Tous les adultes de 18 ans ou plus b\u00e9n\u00e9ficient de mesures de pr\u00e9vention sanitaire et sociale, qui comportent notamment des rendez-vous de pr\u00e9vention propos\u00e9s aux assur\u00e9s \u00e0 certains \u00e2ges, selon des modalit\u00e9s qui viennent d\u2019\u00eatre pr\u00e9cis\u00e9es\u2026<\/p>\n","protected":false},"author":0,"featured_media":5164,"comment_status":"closed","ping_status":"open","sticky":false,"template":"","format":"standard","meta":{"footnotes":""},"categories":[3,8],"tags":[2],"class_list":["post-5163","post","type-post","status-publish","format-standard","has-post-thumbnail","hentry","category-actualites","category-infos-juridiques","tag-les-actualites"],"_links":{"self":[{"href":"https:\/\/www.smvconseil.fr\/index.php\/wp-json\/wp\/v2\/posts\/5163"}],"collection":[{"href":"https:\/\/www.smvconseil.fr\/index.php\/wp-json\/wp\/v2\/posts"}],"about":[{"href":"https:\/\/www.smvconseil.fr\/index.php\/wp-json\/wp\/v2\/types\/post"}],"replies":[{"embeddable":true,"href":"https:\/\/www.smvconseil.fr\/index.php\/wp-json\/wp\/v2\/comments?post=5163"}],"version-history":[{"count":0,"href":"https:\/\/www.smvconseil.fr\/index.php\/wp-json\/wp\/v2\/posts\/5163\/revisions"}],"wp:featuredmedia":[{"embeddable":true,"href":"https:\/\/www.smvconseil.fr\/index.php\/wp-json\/wp\/v2\/media\/5164"}],"wp:attachment":[{"href":"https:\/\/www.smvconseil.fr\/index.php\/wp-json\/wp\/v2\/media?parent=5163"}],"wp:term":[{"taxonomy":"category","embeddable":true,"href":"https:\/\/www.smvconseil.fr\/index.php\/wp-json\/wp\/v2\/categories?post=5163"},{"taxonomy":"post_tag","embeddable":true,"href":"https:\/\/www.smvconseil.fr\/index.php\/wp-json\/wp\/v2\/tags?post=5163"}],"curies":[{"name":"wp","href":"https:\/\/api.w.org\/{rel}","templated":true}]}}