{"id":5153,"date":"2026-08-31T00:00:00","date_gmt":"2026-08-30T22:00:00","guid":{"rendered":"https:\/\/www.smvconseil.fr\/index.php\/2026\/08\/31\/lutte-contre-les-maladies-cardio-vasculaires-une-strategie-nationale-mise-en-place\/"},"modified":"2026-08-31T00:00:00","modified_gmt":"2026-08-30T22:00:00","slug":"lutte-contre-les-maladies-cardio-vasculaires-une-strategie-nationale-mise-en-place","status":"publish","type":"post","link":"https:\/\/www.smvconseil.fr\/index.php\/2026\/08\/31\/lutte-contre-les-maladies-cardio-vasculaires-une-strategie-nationale-mise-en-place\/","title":{"rendered":"Lutte contre les maladies cardio-vasculaires : une strat\u00e9gie nationale mise en place"},"content":{"rendered":"<p>Une strat\u00e9gie nationale pluriannuelle de lutte contre les maladies cardio-neuro-vasculaires est mise en place : l\u2019objectif est de renforcer les dispositifs de pr\u00e9vention, de sensibilisation et de d\u00e9pistage de ces pathologies au sein du syst\u00e8me de sant\u00e9, en milieu scolaire et dans le cadre du travail. Que faut-il en retenir ?<\/p>\n<h2>Lutte contre les maladies cardio-vasculaires : sensibilisation et d\u00e9pistage au programme<\/h2>\n<p>L&rsquo;\u00c9tat vient de d\u00e9finir une politique pluriannuelle visant \u00e0 fixer les priorit\u00e9s en mati\u00e8re de pr\u00e9vention, de d\u00e9pistage, de parcours de soins et \u00e0 r\u00e9duire les in\u00e9galit\u00e9s territoriales et sociales de sant\u00e9.<\/p>\n<p>Dans les grandes lignes, voici ce qui est pr\u00e9vu :<\/p>\n<ul>\n<li>En ce qui concerne les rendez-vous de pr\u00e9vention et d\u00e9pistages :\n<ul>\n<li>int\u00e9gration d&rsquo;un d\u00e9pistage clinique et biologique des maladies cardio-neuro-vasculaires et cardiaques structurelles dans les rendez-vous de pr\u00e9vention des adultes (avec prise en compte des sp\u00e9cificit\u00e9s f\u00e9minines).<\/li>\n<li>instauration d&rsquo;un d\u00e9pistage pr\u00e9coce obligatoire (notamment pour l&rsquo;hypercholest\u00e9rol\u00e9mie familiale) pour les enfants dans l&rsquo;ann\u00e9e suivant leur sixi\u00e8me anniversaire, consign\u00e9 dans le carnet de sant\u00e9 (mentionnant la r\u00e9alisation ou le refus parental).<\/li>\n<\/ul>\n<\/li>\n<li>En ce qui concerne les comp\u00e9tences des professionnels de sant\u00e9 :\n<ul>\n<li>les masseurs-kin\u00e9sith\u00e9rapeutes et les pharmaciens sont explicitement autoris\u00e9s \u00e0 mesurer la pression art\u00e9rielle dans une d\u00e9marche pr\u00e9ventive (d\u00e9rogation aux r\u00e8gles de l&rsquo;exercice ill\u00e9gal de la m\u00e9decine) ;<\/li>\n<li>le cadre d&rsquo;exercice d&rsquo;autres auxiliaires et professionnels m\u00e9dicaux est \u00e9galement actualis\u00e9.<\/li>\n<\/ul>\n<\/li>\n<\/ul>\n<p>Dans le m\u00eame temps, il est pr\u00e9vu que les services de sant\u00e9 au travail int\u00e8grent des actions de d\u00e9pistage et de sensibilisation annuelle aux facteurs de risques, pouvant s&rsquo;appuyer sur divers partenaires (mutuelles, communaut\u00e9s professionnelles territoriales de sant\u00e9, associations agr\u00e9\u00e9es, etc.).<\/p>\n<p>Parall\u00e8lement, il est pr\u00e9vu que les \u00e9coles \u00e9l\u00e9mentaires mettent en place des actions annuelles d&rsquo;information et de sensibilisation aux facteurs de risques cardio-neuro-vasculaires.<\/p>\n<p>Le Gouvernement devra remettre un rapport d&rsquo;\u00e9valuation m\u00e9dico-\u00e9conomique au Parlement trois ans apr\u00e8s la promulgation de la loi.<\/p>\n<div>Sources :  <\/p>\n<ul>\n<li><a href=\"https:\/\/www.legifrance.gouv.fr\/jorf\/id\/JORFTEXT000054496977\" target=\"_blank\" rel=\"noopener\">Loi no 2026-668 du 27 juillet 2026 visant \u00e0 doter la France d&rsquo;une strat\u00e9gie nationale de lutte contre les maladies cardio-neuro-vasculaires<\/a><\/li>\n<\/ul>\n<\/div>\n<p><a href=\"https:\/\/www.weblex.fr\/weblex-actualite\/lutte-contre-les-maladies-cardio-vasculaires-une-strategie-nationale-mise-en-place\" target=\"_blank\" rel=\"noopener\">Lutte contre les maladies cardio-vasculaires : une strat\u00e9gie nationale mise en place<\/a> &#8211; \u00a9 Copyright WebLex<\/p>\n<p><img  title=\"\"  alt=\"shutterstock_luttemaladiecardio Lutte contre les maladies cardio-vasculaires : une strat\u00e9gie nationale mise en place\" decoding=\"async\" src=\"https:\/\/www.weblex.fr\/sites\/default\/files\/actualites\/images\/shutterstock_luttemaladiecardio.jpg\"><\/p>\n","protected":false},"excerpt":{"rendered":"<p>Une strat\u00e9gie nationale pluriannuelle de lutte contre les maladies cardio-neuro-vasculaires est mise en place : l\u2019objectif est de renforcer les dispositifs de pr\u00e9vention, de sensibilisation et de d\u00e9pistage de ces pathologies au sein du syst\u00e8me de sant\u00e9, en milieu scolaire et dans le cadre du travail. Que faut-il en retenir ?<\/p>\n","protected":false},"author":0,"featured_media":5154,"comment_status":"closed","ping_status":"open","sticky":false,"template":"","format":"standard","meta":{"footnotes":""},"categories":[3,8],"tags":[2],"class_list":["post-5153","post","type-post","status-publish","format-standard","has-post-thumbnail","hentry","category-actualites","category-infos-juridiques","tag-les-actualites"],"_links":{"self":[{"href":"https:\/\/www.smvconseil.fr\/index.php\/wp-json\/wp\/v2\/posts\/5153"}],"collection":[{"href":"https:\/\/www.smvconseil.fr\/index.php\/wp-json\/wp\/v2\/posts"}],"about":[{"href":"https:\/\/www.smvconseil.fr\/index.php\/wp-json\/wp\/v2\/types\/post"}],"replies":[{"embeddable":true,"href":"https:\/\/www.smvconseil.fr\/index.php\/wp-json\/wp\/v2\/comments?post=5153"}],"version-history":[{"count":0,"href":"https:\/\/www.smvconseil.fr\/index.php\/wp-json\/wp\/v2\/posts\/5153\/revisions"}],"wp:featuredmedia":[{"embeddable":true,"href":"https:\/\/www.smvconseil.fr\/index.php\/wp-json\/wp\/v2\/media\/5154"}],"wp:attachment":[{"href":"https:\/\/www.smvconseil.fr\/index.php\/wp-json\/wp\/v2\/media?parent=5153"}],"wp:term":[{"taxonomy":"category","embeddable":true,"href":"https:\/\/www.smvconseil.fr\/index.php\/wp-json\/wp\/v2\/categories?post=5153"},{"taxonomy":"post_tag","embeddable":true,"href":"https:\/\/www.smvconseil.fr\/index.php\/wp-json\/wp\/v2\/tags?post=5153"}],"curies":[{"name":"wp","href":"https:\/\/api.w.org\/{rel}","templated":true}]}}