{"id":5149,"date":"2026-08-31T00:00:00","date_gmt":"2026-08-30T22:00:00","guid":{"rendered":"https:\/\/www.smvconseil.fr\/index.php\/2026\/08\/31\/facturation-electronique-des-difficultes-au-demarrage-sans-sanction-immediate\/"},"modified":"2026-08-31T00:00:00","modified_gmt":"2026-08-30T22:00:00","slug":"facturation-electronique-des-difficultes-au-demarrage-sans-sanction-immediate","status":"publish","type":"post","link":"https:\/\/www.smvconseil.fr\/index.php\/2026\/08\/31\/facturation-electronique-des-difficultes-au-demarrage-sans-sanction-immediate\/","title":{"rendered":"Facturation \u00e9lectronique : des difficult\u00e9s au d\u00e9marrage sans sanction imm\u00e9diate ?"},"content":{"rendered":"<p>L&rsquo;entr\u00e9e en vigueur de la facturation \u00e9lectronique au 1er septembre 2026 suscite de nombreuses interrogations. Que se passera-t-il en cas de retard, de panne informatique ou de facture qui n&rsquo;aura pas pu \u00eatre transmise selon le circuit pr\u00e9vu ?<\/p>\n<h2>Facturation \u00e9lectronique : des difficult\u00e9s admises, sous certaines conditions<\/h2>\n<p>L&rsquo;administration indique qu&rsquo;elle ne sanctionnera pas syst\u00e9matiquement une entreprise qui rencontre des difficult\u00e9s techniques ou organisationnelles au moment de l&rsquo;entr\u00e9e en vigueur de la r\u00e9forme.<\/p>\n<p>Encore faut-il que ces difficult\u00e9s soient r\u00e9elles, ponctuelles, correctement document\u00e9es et qu&rsquo;elles donnent lieu \u00e0 des actions de correction ou de r\u00e9gularisation dans des d\u00e9lais raisonnables.<\/p>\n<p>Pour appr\u00e9cier la situation, l&rsquo;administration tiendra notamment compte de la nature de la difficult\u00e9 rencontr\u00e9e, des d\u00e9marches engag\u00e9es par l&rsquo;entreprise, de l&rsquo;ampleur de sa mise en conformit\u00e9, de la qualit\u00e9 des justificatifs conserv\u00e9s ou encore de la rapidit\u00e9 avec laquelle les anomalies auront \u00e9t\u00e9 corrig\u00e9es.<\/p>\n<p>Cette souplesse ne remet toutefois pas en cause l&rsquo;entr\u00e9e en vigueur de la r\u00e9forme. Les entreprises concern\u00e9es doivent respecter le calendrier pr\u00e9vu et utiliser le circuit de facturation \u00e9lectronique d\u00e8s lors que cela est possible.<\/p>\n<p>Lorsqu&rsquo;une facture est rejet\u00e9e ou qu&rsquo;une transmission n&rsquo;a pas pu \u00eatre r\u00e9alis\u00e9e, elle devra \u00eatre r\u00e9gularis\u00e9e selon les modalit\u00e9s pr\u00e9vues, sans cr\u00e9er une nouvelle facture pour une op\u00e9ration d\u00e9j\u00e0 r\u00e9alis\u00e9e, ni provoquer de doubles paiements, de doubles comptabilisations ou de doubles d\u00e9clarations.<\/p>\n<p>Cette approche pragmatique ne signifie pas que les sanctions disparaissent. Des amendes sont pr\u00e9vues en cas de non-respect des obligations li\u00e9es \u00e0 la facturation \u00e9lectronique et \u00e0 la transmission des donn\u00e9es.<\/p>\n<p>En revanche, cette bienveillance n&rsquo;a pas vocation \u00e0 couvrir les entreprises qui n&rsquo;engageraient aucune d\u00e9marche de mise en conformit\u00e9, refuseraient durablement d&rsquo;utiliser le dispositif ou maintiendraient volontairement des circuits parall\u00e8les sans proc\u00e9der aux r\u00e9gularisations n\u00e9cessaires.<\/p>\n<div>Sources :  <\/p>\n<ul>\n<li><a href=\"https:\/\/www.impots.gouv.fr\/sites\/default\/files\/media\/1_metier\/2_professionnel\/EV\/2_gestion\/290_facturation_electronique\/guide_pratique_facturation_electronique.pdf\" target=\"_blank\" rel=\"noopener\">Guide pratique impots.gouv.fr : \u00ab Facturation \u00e9lectronique : guide pratique de d\u00e9marrage au 1er septembre 2026 \u00bb<\/a><\/li>\n<\/ul>\n<\/div>\n<p><a href=\"https:\/\/www.weblex.fr\/weblex-actualite\/facturation-electronique-des-difficultes-au-demarrage-sans-sanction-immediate\" target=\"_blank\" rel=\"noopener\">Facturation \u00e9lectronique : des difficult\u00e9s au d\u00e9marrage sans sanction imm\u00e9diate ?<\/a> &#8211; \u00a9 Copyright WebLex<\/p>\n<p><img  title=\"\"  alt=\"shutterstock_FEetsanction Facturation \u00e9lectronique : des difficult\u00e9s au d\u00e9marrage sans sanction imm\u00e9diate ?\" decoding=\"async\" src=\"https:\/\/www.weblex.fr\/sites\/default\/files\/actualites\/images\/shutterstock_FEetsanction.jpg\"><\/p>\n","protected":false},"excerpt":{"rendered":"<p>L&rsquo;entr\u00e9e en vigueur de la facturation \u00e9lectronique au 1er septembre 2026 suscite de nombreuses interrogations. Que se passera-t-il en cas de retard, de panne informatique ou de facture qui n&rsquo;aura pas pu \u00eatre transmise selon le circuit pr\u00e9vu ?<\/p>\n","protected":false},"author":0,"featured_media":5150,"comment_status":"closed","ping_status":"open","sticky":false,"template":"","format":"standard","meta":{"footnotes":""},"categories":[3,4],"tags":[2],"class_list":["post-5149","post","type-post","status-publish","format-standard","has-post-thumbnail","hentry","category-actualites","category-infos-fiscales","tag-les-actualites"],"_links":{"self":[{"href":"https:\/\/www.smvconseil.fr\/index.php\/wp-json\/wp\/v2\/posts\/5149"}],"collection":[{"href":"https:\/\/www.smvconseil.fr\/index.php\/wp-json\/wp\/v2\/posts"}],"about":[{"href":"https:\/\/www.smvconseil.fr\/index.php\/wp-json\/wp\/v2\/types\/post"}],"replies":[{"embeddable":true,"href":"https:\/\/www.smvconseil.fr\/index.php\/wp-json\/wp\/v2\/comments?post=5149"}],"version-history":[{"count":0,"href":"https:\/\/www.smvconseil.fr\/index.php\/wp-json\/wp\/v2\/posts\/5149\/revisions"}],"wp:featuredmedia":[{"embeddable":true,"href":"https:\/\/www.smvconseil.fr\/index.php\/wp-json\/wp\/v2\/media\/5150"}],"wp:attachment":[{"href":"https:\/\/www.smvconseil.fr\/index.php\/wp-json\/wp\/v2\/media?parent=5149"}],"wp:term":[{"taxonomy":"category","embeddable":true,"href":"https:\/\/www.smvconseil.fr\/index.php\/wp-json\/wp\/v2\/categories?post=5149"},{"taxonomy":"post_tag","embeddable":true,"href":"https:\/\/www.smvconseil.fr\/index.php\/wp-json\/wp\/v2\/tags?post=5149"}],"curies":[{"name":"wp","href":"https:\/\/api.w.org\/{rel}","templated":true}]}}