{"id":5145,"date":"2026-08-31T00:00:00","date_gmt":"2026-08-30T22:00:00","guid":{"rendered":"https:\/\/www.smvconseil.fr\/index.php\/2026\/08\/31\/soutien-aux-exploitations-agricoles-en-difficultes-des-aides-possibles\/"},"modified":"2026-08-31T00:00:00","modified_gmt":"2026-08-30T22:00:00","slug":"soutien-aux-exploitations-agricoles-en-difficultes-des-aides-possibles","status":"publish","type":"post","link":"https:\/\/www.smvconseil.fr\/index.php\/2026\/08\/31\/soutien-aux-exploitations-agricoles-en-difficultes-des-aides-possibles\/","title":{"rendered":"Soutien aux exploitations agricoles en difficult\u00e9s : des aides possibles"},"content":{"rendered":"<p>En vue de faciliter le redressement des exploitations agricoles, une aide pour la r\u00e9alisation d&rsquo;un audit global de l&rsquo;exploitation et une aide \u00e0 la relance de l\u2019exploitation peuvent \u00eatre allou\u00e9es. Les conditions pour b\u00e9n\u00e9ficier de ces aides sont assouplies\u2026<\/p>\n<h2>Aides au redressement d\u2019une exploitation agricole : des conditions assouplies<\/h2>\n<p>En vue de faciliter le redressement des exploitations agricoles, les aides suivantes peuvent \u00eatre allou\u00e9es :<\/p>\n<ul>\n<li>une aide pour la r\u00e9alisation d&rsquo;un audit global de l&rsquo;exploitation ;<\/li>\n<li>une aide \u00e0 la relance de l&rsquo;exploitation.<\/li>\n<\/ul>\n<p>Pour b\u00e9n\u00e9ficier de ces aides, l&rsquo;exploitant doit, \u00e0 la date de d\u00e9p\u00f4t de la demande d&rsquo;aide :<\/p>\n<ul>\n<li>\u00eatre \u00e2g\u00e9 d&rsquo;au moins 21 ans et ne pas avoir atteint l&rsquo;\u00e2ge de 62 ans ;<\/li>\n<li>exercer une activit\u00e9 de production agricole en qualit\u00e9 de chef d&rsquo;exploitation et ne pas \u00eatre chef d&rsquo;exploitation \u00e0 titre secondaire depuis plus de 3 ans ;<\/li>\n<li>ne pas b\u00e9n\u00e9ficier d&rsquo;autre avantage servi par un r\u00e9gime obligatoire d&rsquo;assurance vieillesse qu&rsquo;une pension de r\u00e9version ;<\/li>\n<li>justifier d&rsquo;une capacit\u00e9 professionnelle agricole suffisante acquise soit conform\u00e9ment aux conditions d&rsquo;acc\u00e8s aux aides \u00e0 l&rsquo;installation ou par la possession d&rsquo;un dipl\u00f4me communautaire de niveau \u00e9quivalent, soit par une exp\u00e9rience professionnelle sur une exploitation agricole, en qualit\u00e9 de chef d&rsquo;exploitation, d&rsquo;une dur\u00e9e minimale de 3 ann\u00e9es cons\u00e9cutives ;<\/li>\n<li>lorsqu&rsquo;il a re\u00e7u une aide que la Commission europ\u00e9enne a d\u00e9clar\u00e9e ill\u00e9gale et incompatible avec le march\u00e9 int\u00e9rieur, avoir rembours\u00e9 ou vers\u00e9 sur un compte bloqu\u00e9 le montant total de cette aide major\u00e9 des int\u00e9r\u00eats correspondants.<\/li>\n<\/ul>\n<p>Quant \u00e0 l\u2019exploitation concern\u00e9e, elle doit :<\/p>\n<ul>\n<li>prendre la forme soit d&rsquo;une exploitation agricole individuelle dont la main-d&rsquo;\u0153uvre non salari\u00e9e est constitu\u00e9e du chef d&rsquo;exploitation, \u00e9ventuellement assist\u00e9 de son \u00e9poux ou de son partenaire de pacte civil de solidarit\u00e9 ou de son concubin ou d&rsquo;aides familiaux, soit d&rsquo;une soci\u00e9t\u00e9 dont l&rsquo;objet est exclusivement agricole \u00e0 condition qu&rsquo;au moins 50 % du capital social soit d\u00e9tenu par des agriculteurs ;<\/li>\n<li>employer au moins une unit\u00e9 de travail non salari\u00e9e, \u00e9tant pr\u00e9cis\u00e9 que :\n<ul>\n<li>une personne travaillant sur l&rsquo;exploitation ne peut \u00eatre prise en compte pour plus d&rsquo;une unit\u00e9 de travail ;<\/li>\n<li>les membres de la famille de l&rsquo;exploitant ne peuvent \u00eatre pris en compte que si leur participation aux travaux de l&rsquo;exploitation repr\u00e9sente au moins une demi-unit\u00e9 de travail (ils sont pris en compte au prorata de leur activit\u00e9) ;<\/li>\n<\/ul>\n<\/li>\n<li>ne pas employer annuellement une main-d&rsquo;\u0153uvre salari\u00e9e permanente ou saisonni\u00e8re sup\u00e9rieure \u00e0 50 unit\u00e9s de travail \u00e9quivalent temps plein.<\/li>\n<\/ul>\n<p>Pour le b\u00e9n\u00e9fice de l\u2019aide pour la r\u00e9alisation d&rsquo;un audit global de l&rsquo;exploitation, l&rsquo;exploitation du demandeur doit r\u00e9pondre au moins \u00e0 l&rsquo;un des crit\u00e8res suivants au vu du dernier exercice comptable clos ou sur la base du dernier arr\u00eat\u00e9 des comptes :<\/p>\n<ul>\n<li>un taux d&rsquo;endettement sup\u00e9rieur ou \u00e9gal \u00e0 50 % ;<\/li>\n<li>un exc\u00e9dent brut d&rsquo;exploitation rapport\u00e9 au produit brut inf\u00e9rieur ou \u00e9gal \u00e0 25 %.<\/li>\n<\/ul>\n<p>Pour le b\u00e9n\u00e9fice de l\u2019aide \u00e0 la relance de l&rsquo;exploitation, l&rsquo;exploitation du demandeur doit :<\/p>\n<ul>\n<li>avoir fait l&rsquo;objet d&rsquo;un audit, r\u00e9alis\u00e9 au cours des 12 derniers mois pr\u00e9c\u00e9dant la date de d\u00e9p\u00f4t de la demande de cette aide, r\u00e9alis\u00e9 par un expert choisi par l&rsquo;exploitant sur une liste \u00e9tablie par le pr\u00e9fet, comportant un plan d&rsquo;action et d\u00e9montrant une perspective de retour \u00e0 la viabilit\u00e9 par un engagement dans un plan de restructuration ;<\/li>\n<li>justifier, au vu du dernier exercice comptable clos ou sur la base du dernier arr\u00eat\u00e9 des comptes :\n<ul>\n<li>s&rsquo;agissant des soci\u00e9t\u00e9s \u00e0 responsabilit\u00e9 limit\u00e9e, d&rsquo;une r\u00e9duction de plus de 50 % du montant du capital social souscrit en raison des pertes accumul\u00e9es des r\u00e9serves et de tous les autres \u00e9l\u00e9ments relevant des fonds propres ;<\/li>\n<li>s&rsquo;agissant des soci\u00e9t\u00e9s \u00e0 responsabilit\u00e9 illimit\u00e9e et des exploitations agricoles individuelles, d&rsquo;une r\u00e9duction de plus de 50 % des fonds propres.<\/li>\n<\/ul>\n<\/li>\n<\/ul>\n<p>Il faut noter que ces aides peuvent d\u00e9sormais \u00eatre accord\u00e9es en d\u00e9pit du fait que l&rsquo;exploitation fait l&rsquo;objet d\u2019une proc\u00e9dure de r\u00e8glement amiable, d\u2019une proc\u00e9dure de sauvegarde ou d\u2019une proc\u00e9dure de redressement judiciaire.<\/p>\n<div>Sources :  <\/p>\n<ul>\n<li><a href=\"https:\/\/www.legifrance.gouv.fr\/jorf\/id\/JORFTEXT000054499020\" target=\"_blank\" rel=\"noopener\">D\u00e9cret no 2026-673 du 27 juillet 2026 relatif aux dispositifs de soutien en faveur des exploitations agricoles en difficult\u00e9<\/a><\/li>\n<li><a href=\"https:\/\/www.legifrance.gouv.fr\/jorf\/id\/JORFTEXT000054666203\" target=\"_blank\" rel=\"noopener\">Arr\u00eat\u00e9 du 6 ao\u00fbt 2026 modifiant l&rsquo;arr\u00eat\u00e9 du 5 ao\u00fbt 2022 fixant le montant et certaines modalit\u00e9s de mise en \u0153uvre des aides pour les exploitations agricoles en difficult\u00e9<\/a><\/li>\n<\/ul>\n<\/div>\n<p><a href=\"https:\/\/www.weblex.fr\/weblex-actualite\/soutien-aux-exploitations-agricoles-en-difficultes-des-aides-possibles\" target=\"_blank\" rel=\"noopener\">Soutien aux exploitations agricoles en difficult\u00e9s : des aides possibles<\/a> &#8211; \u00a9 Copyright WebLex<\/p>\n<p><img  title=\"\"  alt=\"shutterstock_soutientexploitation Soutien aux exploitations agricoles en difficult\u00e9s : des aides possibles\" decoding=\"async\" src=\"https:\/\/www.weblex.fr\/sites\/default\/files\/actualites\/images\/shutterstock_soutientexploitation.jpg\"><\/p>\n","protected":false},"excerpt":{"rendered":"<p>En vue de faciliter le redressement des exploitations agricoles, une aide pour la r\u00e9alisation d&rsquo;un audit global de l&rsquo;exploitation et une aide \u00e0 la relance de l\u2019exploitation peuvent \u00eatre allou\u00e9es. Les conditions pour b\u00e9n\u00e9ficier de ces aides sont assouplies\u2026<\/p>\n","protected":false},"author":0,"featured_media":5146,"comment_status":"closed","ping_status":"open","sticky":false,"template":"","format":"standard","meta":{"footnotes":""},"categories":[3,8],"tags":[2],"class_list":["post-5145","post","type-post","status-publish","format-standard","has-post-thumbnail","hentry","category-actualites","category-infos-juridiques","tag-les-actualites"],"_links":{"self":[{"href":"https:\/\/www.smvconseil.fr\/index.php\/wp-json\/wp\/v2\/posts\/5145"}],"collection":[{"href":"https:\/\/www.smvconseil.fr\/index.php\/wp-json\/wp\/v2\/posts"}],"about":[{"href":"https:\/\/www.smvconseil.fr\/index.php\/wp-json\/wp\/v2\/types\/post"}],"replies":[{"embeddable":true,"href":"https:\/\/www.smvconseil.fr\/index.php\/wp-json\/wp\/v2\/comments?post=5145"}],"version-history":[{"count":0,"href":"https:\/\/www.smvconseil.fr\/index.php\/wp-json\/wp\/v2\/posts\/5145\/revisions"}],"wp:featuredmedia":[{"embeddable":true,"href":"https:\/\/www.smvconseil.fr\/index.php\/wp-json\/wp\/v2\/media\/5146"}],"wp:attachment":[{"href":"https:\/\/www.smvconseil.fr\/index.php\/wp-json\/wp\/v2\/media?parent=5145"}],"wp:term":[{"taxonomy":"category","embeddable":true,"href":"https:\/\/www.smvconseil.fr\/index.php\/wp-json\/wp\/v2\/categories?post=5145"},{"taxonomy":"post_tag","embeddable":true,"href":"https:\/\/www.smvconseil.fr\/index.php\/wp-json\/wp\/v2\/tags?post=5145"}],"curies":[{"name":"wp","href":"https:\/\/api.w.org\/{rel}","templated":true}]}}