{"id":3846,"date":"2026-04-27T00:00:00","date_gmt":"2026-04-26T22:00:00","guid":{"rendered":"https:\/\/www.smvconseil.fr\/index.php\/2026\/04\/27\/dons-pour-les-personnes-en-difficulte-limite-doublee-pour-2026-et-2025\/"},"modified":"2026-04-27T00:00:00","modified_gmt":"2026-04-26T22:00:00","slug":"dons-pour-les-personnes-en-difficulte-limite-doublee-pour-2026-et-2025","status":"publish","type":"post","link":"https:\/\/www.smvconseil.fr\/index.php\/2026\/04\/27\/dons-pour-les-personnes-en-difficulte-limite-doublee-pour-2026-et-2025\/","title":{"rendered":"Dons pour les personnes en difficult\u00e9 : limite doubl\u00e9e pour 2026\u2026 et 2025 ?"},"content":{"rendered":"<div class=\"question-quizz\">\n<p>Un particulier verse chaque ann\u00e9e des dons \u00e0 des organismes d\u2019aide aux personnes en difficult\u00e9, lui ouvrant droit \u00e0 une r\u00e9duction d\u2019imp\u00f4t de 75 %, dans la limite de 1 000 \u20ac de dons par an.<\/p>\n<p>Il a appris que la loi de finances pour 2026, publi\u00e9e le 20 f\u00e9vrier 2026, a relev\u00e9 ce plafond \u00e0 2 000 \u20ac.&nbsp;<\/p>\n<p>Or, il a vers\u00e9 plus de 1 000 \u20ac de dons en d\u00e9cembre 2025 : peut-il b\u00e9n\u00e9ficier de ce nouveau plafond de 2 000 \u20ac pour sa r\u00e9duction d&rsquo;imp\u00f4t imputable en 2025 ?<\/p>\n<\/p><\/div>\n<ul class=\"propal-quizz\">\n<li class=\"quizz-a\"><a href=\"#reponse\">Oui <\/a><\/li>\n<li class=\"quizz-b\"><a href=\"#reponse\">Non<\/a><\/li>\n<\/ul>\n<div id=\"rna\" class=\"reponse-non-affichee\"><\/div>\n<div id=\"reponse\" class=\"reponse-quizz-in\">La bonne r\u00e9ponse est&#8230;<br \/>Oui <\/p>\n<p>La loi de finances pour 2026 a port\u00e9 le plafond de 1 000 \u20ac \u00e0 2 000 \u20ac pour les dons ouvrant droit \u00e0 la r\u00e9duction d\u2019imp\u00f4t de 75 %. Cette mesure s\u2019applique r\u00e9troactivement aux versements effectu\u00e9s \u00e0 compter du 14 octobre 2025.<\/p>\n<p>D\u00e8s lors, les dons r\u00e9alis\u00e9s en d\u00e9cembre 2025 entrent int\u00e9gralement dans le champ de ce nouveau dispositif. Le particulier pourra donc b\u00e9n\u00e9ficier du plafond major\u00e9 de 2 000 \u20ac pour ses dons effectu\u00e9s en 2025.<\/p>\n<\/div>\n","protected":false},"excerpt":{"rendered":"<p>Un particulier verse chaque ann\u00e9e des dons \u00e0 des organismes d\u2019aide aux personnes en difficult\u00e9, lui ouvrant droit \u00e0 une r\u00e9duction d\u2019imp\u00f4t de 75 %, dans la limite de 1 000 \u20ac de dons par an. Il a appris que<\/p>\n","protected":false},"author":0,"featured_media":3847,"comment_status":"closed","ping_status":"open","sticky":false,"template":"","format":"standard","meta":{"footnotes":""},"categories":[27],"tags":[26],"class_list":["post-3846","post","type-post","status-publish","format-standard","has-post-thumbnail","hentry","category-le-quiz-hebdo","tag-le-quiz-hebdo"],"_links":{"self":[{"href":"https:\/\/www.smvconseil.fr\/index.php\/wp-json\/wp\/v2\/posts\/3846"}],"collection":[{"href":"https:\/\/www.smvconseil.fr\/index.php\/wp-json\/wp\/v2\/posts"}],"about":[{"href":"https:\/\/www.smvconseil.fr\/index.php\/wp-json\/wp\/v2\/types\/post"}],"replies":[{"embeddable":true,"href":"https:\/\/www.smvconseil.fr\/index.php\/wp-json\/wp\/v2\/comments?post=3846"}],"version-history":[{"count":0,"href":"https:\/\/www.smvconseil.fr\/index.php\/wp-json\/wp\/v2\/posts\/3846\/revisions"}],"wp:featuredmedia":[{"embeddable":true,"href":"https:\/\/www.smvconseil.fr\/index.php\/wp-json\/wp\/v2\/media\/3847"}],"wp:attachment":[{"href":"https:\/\/www.smvconseil.fr\/index.php\/wp-json\/wp\/v2\/media?parent=3846"}],"wp:term":[{"taxonomy":"category","embeddable":true,"href":"https:\/\/www.smvconseil.fr\/index.php\/wp-json\/wp\/v2\/categories?post=3846"},{"taxonomy":"post_tag","embeddable":true,"href":"https:\/\/www.smvconseil.fr\/index.php\/wp-json\/wp\/v2\/tags?post=3846"}],"curies":[{"name":"wp","href":"https:\/\/api.w.org\/{rel}","templated":true}]}}